{"id":9028,"date":"2025-03-25T09:28:55","date_gmt":"2025-03-25T08:28:55","guid":{"rendered":"https:\/\/www.muca.eu\/?p=9028"},"modified":"2025-04-30T11:36:06","modified_gmt":"2025-04-30T09:36:06","slug":"vhils-oeffentliche-fuehrungen","status":"publish","type":"post","link":"https:\/\/www.muca.eu\/en\/vhils-oeffentliche-fuehrungen\/","title":{"rendered":"Vhils guided tours start from 28 March"},"content":{"rendered":"<div data-elementor-type=\"wp-post\" data-elementor-id=\"9028\" class=\"elementor elementor-9028\" data-elementor-post-type=\"post\">\n\t\t\t\t<div class=\"elementor-element elementor-element-d41fae1 e-flex e-con-boxed e-con e-parent\" data-id=\"d41fae1\" data-element_type=\"container\" data-e-type=\"container\">\n\t\t\t\t\t<div class=\"e-con-inner\">\n\t\t\t\t<div class=\"elementor-element elementor-element-6d8ec76 elementor-widget elementor-widget-text-editor\" data-id=\"6d8ec76\" data-element_type=\"widget\" data-e-type=\"widget\" data-widget_type=\"text-editor.default\">\n\t\t\t\t<div class=\"elementor-widget-container\">\n\t\t\t\t\t\t\t\t\t<p>The exhibition <a href=\"https:\/\/www.muca.eu\/en\/exhibition\/vhils-strata\/\" target=\"_blank\" rel=\"noopener\"><strong>\"Strata -Selected works: 2005 - 2025\"<\/strong><\/a> shows a comprehensive selection of works by the <strong>Portuguese artist Alexandre Farto aka Vhils <\/strong>from the past two decades.<\/p>\n<p>Find out more in our&nbsp;<strong>public guided tours, which we will be offering regularly from 28 March 2025,&nbsp;<\/strong>in-depth information on the development of the distinctive <a href=\"https:\/\/www.muca.eu\/en\/artists\/vhils-ausstellung-muenchen\/\">artistic style of Vhils<\/a>. Experience them with a <strong>wide range of materials, techniques and conceptual approaches<\/strong>.<\/p>\n<p>After the 45-minute tour, all participants will have time to stroll through the MUCA and examine the works at their leisure.<\/p>\n<p>Our guide is happy to answer questions and looks forward to an active exchange with the group.<\/p>\n<p><strong>Further dates for public guided tours are&nbsp;<\/strong><\/p>\n<p><strong>04.04.2025 \/ 11.04.2025 \/ 24.04.2025 \/ 01.05.2025 \/ 15.05.2025 \/ 22.05.2025 \/ 24.05.2025 \/ 06.06.2025 \/ 14.06.2025 \/ 26.06.2025 \/ 28.06.2025<\/strong><\/p>\n<p>You can find out the respective times in our <a href=\"https:\/\/shop.muca.eu\/produkt\/oeffentliche_fuehrung\/\" target=\"_blank\" rel=\"noopener\">Online shop<\/a>.<\/p>\t\t\t\t\t\t\t\t<\/div>\n\t\t\t\t<\/div>\n\t\t\t\t<div class=\"elementor-element elementor-element-37d9b91 elementor-widget elementor-widget-button\" data-id=\"37d9b91\" data-element_type=\"widget\" data-e-type=\"widget\" data-widget_type=\"button.default\">\n\t\t\t\t<div class=\"elementor-widget-container\">\n\t\t\t\t\t\t\t\t\t<div class=\"elementor-button-wrapper\">\n\t\t\t\t\t<a class=\"elementor-button elementor-button-link elementor-size-sm\" href=\"https:\/\/shop.muca.eu\/produkt\/oeffentliche_fuehrung\/\">\n\t\t\t\t\t\t<span class=\"elementor-button-content-wrapper\">\n\t\t\t\t\t\t\t\t\t<span class=\"elementor-button-text\">Book a guided tour<\/span>\n\t\t\t\t\t<\/span>\n\t\t\t\t\t<\/a>\n\t\t\t\t<\/div>\n\t\t\t\t\t\t\t\t<\/div>\n\t\t\t\t<\/div>\n\t\t\t\t\t<\/div>\n\t\t\t\t<\/div>\n\t\t\t\t<\/div>","protected":false},"excerpt":{"rendered":"<p>Die Ausstellung &#8222;Strata \u2013Selected works: 2005 &#8211; 2025&#8220; zeigt eine umfassende Auswahl der Werke des portugiesischen K\u00fcnstlers Alexandre Farto aka Vhils aus den vergangenen zwei Jahrzehnten. Erfahren Sie in unseren&nbsp;\u00f6ffentlichen F\u00fchrungen, die wir ab dem 28.3.2025 regelm\u00e4\u00dfig anbieten,&nbsp;tiefergehende Informationen zur Entwicklung des unverwechselbaren k\u00fcnstlerischen Stils von Vhils. Erleben Sie sie anhand einer breiten Palette von [&hellip;]<\/p>\n","protected":false},"author":4,"featured_media":9239,"comment_status":"closed","ping_status":"closed","sticky":false,"template":"","format":"standard","meta":{"_acf_changed":false,"inline_featured_image":false,"footnotes":""},"categories":[1],"tags":[],"class_list":["post-9028","post","type-post","status-publish","format-standard","has-post-thumbnail","hentry","category-uncategorized"],"acf":[],"yoast_head":"<!-- This site is optimized with the Yoast SEO plugin v27.3 - https:\/\/yoast.com\/product\/yoast-seo-wordpress\/ -->\n<title>Vhils-F\u00fchrungen starten ab 28. M\u00e4rz &#187; MUCA<\/title>\n<meta name=\"description\" content=\"Die \u00f6ffentliche F\u00fchrungen zur Ausstellung &quot;Vhils: Strata&quot; im MUCA Museum M\u00fcnchen starten. Jetzt Pl\u00e4tze sichern!\" \/>\n<meta name=\"robots\" content=\"index, follow, max-snippet:-1, max-image-preview:large, max-video-preview:-1\" \/>\n<link rel=\"canonical\" href=\"https:\/\/www.muca.eu\/en\/vhils-oeffentliche-fuehrungen\/\" \/>\n<meta property=\"og:locale\" content=\"en_GB\" \/>\n<meta property=\"og:type\" content=\"article\" \/>\n<meta property=\"og:title\" content=\"Vhils-F\u00fchrungen starten ab 28. M\u00e4rz &#187; MUCA\" \/>\n<meta property=\"og:description\" content=\"Die \u00f6ffentliche F\u00fchrungen zur Ausstellung &quot;Vhils: Strata&quot; im MUCA Museum M\u00fcnchen starten. Jetzt Pl\u00e4tze sichern!\" \/>\n<meta property=\"og:url\" content=\"https:\/\/www.muca.eu\/en\/vhils-oeffentliche-fuehrungen\/\" \/>\n<meta property=\"og:site_name\" content=\"MUCA\" \/>\n<meta property=\"article:published_time\" content=\"2025-03-25T08:28:55+00:00\" \/>\n<meta property=\"article:modified_time\" content=\"2025-04-30T09:36:06+00:00\" \/>\n<meta property=\"og:image\" content=\"https:\/\/www.muca.eu\/wp-content\/uploads\/2025\/04\/20250410-DSC00955-scaled-e1746004645365.jpg\" \/>\n\t<meta property=\"og:image:width\" content=\"2500\" \/>\n\t<meta property=\"og:image:height\" content=\"832\" \/>\n\t<meta property=\"og:image:type\" content=\"image\/jpeg\" \/>\n<meta name=\"author\" content=\"muca_hofmann\" \/>\n<meta name=\"twitter:card\" content=\"summary_large_image\" \/>\n<meta name=\"twitter:label1\" content=\"Written by\" \/>\n\t<meta name=\"twitter:data1\" content=\"muca_hofmann\" \/>\n\t<meta name=\"twitter:label2\" content=\"Estimated reading time\" \/>\n\t<meta name=\"twitter:data2\" content=\"1 minute\" \/>\n<script type=\"application\/ld+json\" class=\"yoast-schema-graph\">{\"@context\":\"https:\\\/\\\/schema.org\",\"@graph\":[{\"@type\":\"Article\",\"@id\":\"https:\\\/\\\/www.muca.eu\\\/vhils-oeffentliche-fuehrungen\\\/#article\",\"isPartOf\":{\"@id\":\"https:\\\/\\\/www.muca.eu\\\/vhils-oeffentliche-fuehrungen\\\/\"},\"author\":{\"name\":\"muca_hofmann\",\"@id\":\"https:\\\/\\\/www.muca.eu\\\/#\\\/schema\\\/person\\\/6a8902792e5086171a2bd13fc82d6f41\"},\"headline\":\"Vhils-F\u00fchrungen starten ab 28. M\u00e4rz\",\"datePublished\":\"2025-03-25T08:28:55+00:00\",\"dateModified\":\"2025-04-30T09:36:06+00:00\",\"mainEntityOfPage\":{\"@id\":\"https:\\\/\\\/www.muca.eu\\\/vhils-oeffentliche-fuehrungen\\\/\"},\"wordCount\":132,\"publisher\":{\"@id\":\"https:\\\/\\\/www.muca.eu\\\/#organization\"},\"image\":{\"@id\":\"https:\\\/\\\/www.muca.eu\\\/vhils-oeffentliche-fuehrungen\\\/#primaryimage\"},\"thumbnailUrl\":\"https:\\\/\\\/www.muca.eu\\\/wp-content\\\/uploads\\\/2025\\\/04\\\/20250410-DSC00955-scaled-e1746004645365.jpg\",\"articleSection\":[\"Uncategorized\"],\"inLanguage\":\"en-GB\"},{\"@type\":\"WebPage\",\"@id\":\"https:\\\/\\\/www.muca.eu\\\/vhils-oeffentliche-fuehrungen\\\/\",\"url\":\"https:\\\/\\\/www.muca.eu\\\/vhils-oeffentliche-fuehrungen\\\/\",\"name\":\"Vhils-F\u00fchrungen starten ab 28. M\u00e4rz &#187; MUCA\",\"isPartOf\":{\"@id\":\"https:\\\/\\\/www.muca.eu\\\/#website\"},\"primaryImageOfPage\":{\"@id\":\"https:\\\/\\\/www.muca.eu\\\/vhils-oeffentliche-fuehrungen\\\/#primaryimage\"},\"image\":{\"@id\":\"https:\\\/\\\/www.muca.eu\\\/vhils-oeffentliche-fuehrungen\\\/#primaryimage\"},\"thumbnailUrl\":\"https:\\\/\\\/www.muca.eu\\\/wp-content\\\/uploads\\\/2025\\\/04\\\/20250410-DSC00955-scaled-e1746004645365.jpg\",\"datePublished\":\"2025-03-25T08:28:55+00:00\",\"dateModified\":\"2025-04-30T09:36:06+00:00\",\"description\":\"Die \u00f6ffentliche F\u00fchrungen zur Ausstellung \\\"Vhils: Strata\\\" im MUCA Museum M\u00fcnchen starten. Jetzt Pl\u00e4tze sichern!\",\"breadcrumb\":{\"@id\":\"https:\\\/\\\/www.muca.eu\\\/vhils-oeffentliche-fuehrungen\\\/#breadcrumb\"},\"inLanguage\":\"en-GB\",\"potentialAction\":[{\"@type\":\"ReadAction\",\"target\":[\"https:\\\/\\\/www.muca.eu\\\/vhils-oeffentliche-fuehrungen\\\/\"]}]},{\"@type\":\"ImageObject\",\"inLanguage\":\"en-GB\",\"@id\":\"https:\\\/\\\/www.muca.eu\\\/vhils-oeffentliche-fuehrungen\\\/#primaryimage\",\"url\":\"https:\\\/\\\/www.muca.eu\\\/wp-content\\\/uploads\\\/2025\\\/04\\\/20250410-DSC00955-scaled-e1746004645365.jpg\",\"contentUrl\":\"https:\\\/\\\/www.muca.eu\\\/wp-content\\\/uploads\\\/2025\\\/04\\\/20250410-DSC00955-scaled-e1746004645365.jpg\",\"width\":2500,\"height\":832,\"caption\":\"\u00d6ffentliche F\u00fchrung Vhils Ausstellung im MUCA in M\u00fcnchen\"},{\"@type\":\"BreadcrumbList\",\"@id\":\"https:\\\/\\\/www.muca.eu\\\/vhils-oeffentliche-fuehrungen\\\/#breadcrumb\",\"itemListElement\":[{\"@type\":\"ListItem\",\"position\":1,\"name\":\"Home\",\"item\":\"https:\\\/\\\/www.muca.eu\\\/\"},{\"@type\":\"ListItem\",\"position\":2,\"name\":\"Vhils-F\u00fchrungen starten ab 28. M\u00e4rz\"}]},{\"@type\":\"WebSite\",\"@id\":\"https:\\\/\\\/www.muca.eu\\\/#website\",\"url\":\"https:\\\/\\\/www.muca.eu\\\/\",\"name\":\"MUCA\",\"description\":\"Museum of Urban and Contemporary Art\",\"publisher\":{\"@id\":\"https:\\\/\\\/www.muca.eu\\\/#organization\"},\"potentialAction\":[{\"@type\":\"SearchAction\",\"target\":{\"@type\":\"EntryPoint\",\"urlTemplate\":\"https:\\\/\\\/www.muca.eu\\\/?s={search_term_string}\"},\"query-input\":{\"@type\":\"PropertyValueSpecification\",\"valueRequired\":true,\"valueName\":\"search_term_string\"}}],\"inLanguage\":\"en-GB\"},{\"@type\":\"Organization\",\"@id\":\"https:\\\/\\\/www.muca.eu\\\/#organization\",\"name\":\"MUCA\",\"url\":\"https:\\\/\\\/www.muca.eu\\\/\",\"logo\":{\"@type\":\"ImageObject\",\"inLanguage\":\"en-GB\",\"@id\":\"https:\\\/\\\/www.muca.eu\\\/#\\\/schema\\\/logo\\\/image\\\/\",\"url\":\"https:\\\/\\\/www.muca.eu\\\/wp-content\\\/uploads\\\/2022\\\/08\\\/logo_website1.png\",\"contentUrl\":\"https:\\\/\\\/www.muca.eu\\\/wp-content\\\/uploads\\\/2022\\\/08\\\/logo_website1.png\",\"width\":575,\"height\":160,\"caption\":\"MUCA\"},\"image\":{\"@id\":\"https:\\\/\\\/www.muca.eu\\\/#\\\/schema\\\/logo\\\/image\\\/\"}},{\"@type\":\"Person\",\"@id\":\"https:\\\/\\\/www.muca.eu\\\/#\\\/schema\\\/person\\\/6a8902792e5086171a2bd13fc82d6f41\",\"name\":\"muca_hofmann\",\"image\":{\"@type\":\"ImageObject\",\"inLanguage\":\"en-GB\",\"@id\":\"https:\\\/\\\/secure.gravatar.com\\\/avatar\\\/7c036ab7c319a1845738adcdcf16c986b85d9a2b147df21555b5ab1b45c3ac53?s=96&d=mm&r=g\",\"url\":\"https:\\\/\\\/secure.gravatar.com\\\/avatar\\\/7c036ab7c319a1845738adcdcf16c986b85d9a2b147df21555b5ab1b45c3ac53?s=96&d=mm&r=g\",\"contentUrl\":\"https:\\\/\\\/secure.gravatar.com\\\/avatar\\\/7c036ab7c319a1845738adcdcf16c986b85d9a2b147df21555b5ab1b45c3ac53?s=96&d=mm&r=g\",\"caption\":\"muca_hofmann\"}}]}<\/script>\n<!-- \/ Yoast SEO plugin. -->","yoast_head_json":{"title":"Vhils guided tours start from 28 March \" MUCA","description":"The public guided tours of the exhibition \"Vhils: Strata\" at the MUCA Museum Munich are starting. Secure your place now!","robots":{"index":"index","follow":"follow","max-snippet":"max-snippet:-1","max-image-preview":"max-image-preview:large","max-video-preview":"max-video-preview:-1"},"canonical":"https:\/\/www.muca.eu\/en\/vhils-oeffentliche-fuehrungen\/","og_locale":"en_GB","og_type":"article","og_title":"Vhils-F\u00fchrungen starten ab 28. M\u00e4rz &#187; MUCA","og_description":"Die \u00f6ffentliche F\u00fchrungen zur Ausstellung \"Vhils: Strata\" im MUCA Museum M\u00fcnchen starten. Jetzt Pl\u00e4tze sichern!","og_url":"https:\/\/www.muca.eu\/en\/vhils-oeffentliche-fuehrungen\/","og_site_name":"MUCA","article_published_time":"2025-03-25T08:28:55+00:00","article_modified_time":"2025-04-30T09:36:06+00:00","og_image":[{"width":2500,"height":832,"url":"https:\/\/www.muca.eu\/wp-content\/uploads\/2025\/04\/20250410-DSC00955-scaled-e1746004645365.jpg","type":"image\/jpeg"}],"author":"muca_hofmann","twitter_card":"summary_large_image","twitter_misc":{"Written by":"muca_hofmann","Estimated reading time":"1 minute"},"schema":{"@context":"https:\/\/schema.org","@graph":[{"@type":"Article","@id":"https:\/\/www.muca.eu\/vhils-oeffentliche-fuehrungen\/#article","isPartOf":{"@id":"https:\/\/www.muca.eu\/vhils-oeffentliche-fuehrungen\/"},"author":{"name":"muca_hofmann","@id":"https:\/\/www.muca.eu\/#\/schema\/person\/6a8902792e5086171a2bd13fc82d6f41"},"headline":"Vhils-F\u00fchrungen starten ab 28. M\u00e4rz","datePublished":"2025-03-25T08:28:55+00:00","dateModified":"2025-04-30T09:36:06+00:00","mainEntityOfPage":{"@id":"https:\/\/www.muca.eu\/vhils-oeffentliche-fuehrungen\/"},"wordCount":132,"publisher":{"@id":"https:\/\/www.muca.eu\/#organization"},"image":{"@id":"https:\/\/www.muca.eu\/vhils-oeffentliche-fuehrungen\/#primaryimage"},"thumbnailUrl":"https:\/\/www.muca.eu\/wp-content\/uploads\/2025\/04\/20250410-DSC00955-scaled-e1746004645365.jpg","articleSection":["Uncategorized"],"inLanguage":"en-GB"},{"@type":"WebPage","@id":"https:\/\/www.muca.eu\/vhils-oeffentliche-fuehrungen\/","url":"https:\/\/www.muca.eu\/vhils-oeffentliche-fuehrungen\/","name":"Vhils guided tours start from 28 March \" MUCA","isPartOf":{"@id":"https:\/\/www.muca.eu\/#website"},"primaryImageOfPage":{"@id":"https:\/\/www.muca.eu\/vhils-oeffentliche-fuehrungen\/#primaryimage"},"image":{"@id":"https:\/\/www.muca.eu\/vhils-oeffentliche-fuehrungen\/#primaryimage"},"thumbnailUrl":"https:\/\/www.muca.eu\/wp-content\/uploads\/2025\/04\/20250410-DSC00955-scaled-e1746004645365.jpg","datePublished":"2025-03-25T08:28:55+00:00","dateModified":"2025-04-30T09:36:06+00:00","description":"The public guided tours of the exhibition \"Vhils: Strata\" at the MUCA Museum Munich are starting. Secure your place now!","breadcrumb":{"@id":"https:\/\/www.muca.eu\/vhils-oeffentliche-fuehrungen\/#breadcrumb"},"inLanguage":"en-GB","potentialAction":[{"@type":"ReadAction","target":["https:\/\/www.muca.eu\/vhils-oeffentliche-fuehrungen\/"]}]},{"@type":"ImageObject","inLanguage":"en-GB","@id":"https:\/\/www.muca.eu\/vhils-oeffentliche-fuehrungen\/#primaryimage","url":"https:\/\/www.muca.eu\/wp-content\/uploads\/2025\/04\/20250410-DSC00955-scaled-e1746004645365.jpg","contentUrl":"https:\/\/www.muca.eu\/wp-content\/uploads\/2025\/04\/20250410-DSC00955-scaled-e1746004645365.jpg","width":2500,"height":832,"caption":"\u00d6ffentliche F\u00fchrung Vhils Ausstellung im MUCA in M\u00fcnchen"},{"@type":"BreadcrumbList","@id":"https:\/\/www.muca.eu\/vhils-oeffentliche-fuehrungen\/#breadcrumb","itemListElement":[{"@type":"ListItem","position":1,"name":"Home","item":"https:\/\/www.muca.eu\/"},{"@type":"ListItem","position":2,"name":"Vhils-F\u00fchrungen starten ab 28. M\u00e4rz"}]},{"@type":"WebSite","@id":"https:\/\/www.muca.eu\/#website","url":"https:\/\/www.muca.eu\/","name":"MUCA","description":"Museum of Urban and Contemporary Art","publisher":{"@id":"https:\/\/www.muca.eu\/#organization"},"potentialAction":[{"@type":"SearchAction","target":{"@type":"EntryPoint","urlTemplate":"https:\/\/www.muca.eu\/?s={search_term_string}"},"query-input":{"@type":"PropertyValueSpecification","valueRequired":true,"valueName":"search_term_string"}}],"inLanguage":"en-GB"},{"@type":"Organization","@id":"https:\/\/www.muca.eu\/#organization","name":"MUCA","url":"https:\/\/www.muca.eu\/","logo":{"@type":"ImageObject","inLanguage":"en-GB","@id":"https:\/\/www.muca.eu\/#\/schema\/logo\/image\/","url":"https:\/\/www.muca.eu\/wp-content\/uploads\/2022\/08\/logo_website1.png","contentUrl":"https:\/\/www.muca.eu\/wp-content\/uploads\/2022\/08\/logo_website1.png","width":575,"height":160,"caption":"MUCA"},"image":{"@id":"https:\/\/www.muca.eu\/#\/schema\/logo\/image\/"}},{"@type":"Person","@id":"https:\/\/www.muca.eu\/#\/schema\/person\/6a8902792e5086171a2bd13fc82d6f41","name":"muca_hofmann","image":{"@type":"ImageObject","inLanguage":"en-GB","@id":"https:\/\/secure.gravatar.com\/avatar\/7c036ab7c319a1845738adcdcf16c986b85d9a2b147df21555b5ab1b45c3ac53?s=96&d=mm&r=g","url":"https:\/\/secure.gravatar.com\/avatar\/7c036ab7c319a1845738adcdcf16c986b85d9a2b147df21555b5ab1b45c3ac53?s=96&d=mm&r=g","contentUrl":"https:\/\/secure.gravatar.com\/avatar\/7c036ab7c319a1845738adcdcf16c986b85d9a2b147df21555b5ab1b45c3ac53?s=96&d=mm&r=g","caption":"muca_hofmann"}}]}},"_links":{"self":[{"href":"https:\/\/www.muca.eu\/en\/wp-json\/wp\/v2\/posts\/9028","targetHints":{"allow":["GET"]}}],"collection":[{"href":"https:\/\/www.muca.eu\/en\/wp-json\/wp\/v2\/posts"}],"about":[{"href":"https:\/\/www.muca.eu\/en\/wp-json\/wp\/v2\/types\/post"}],"author":[{"embeddable":true,"href":"https:\/\/www.muca.eu\/en\/wp-json\/wp\/v2\/users\/4"}],"replies":[{"embeddable":true,"href":"https:\/\/www.muca.eu\/en\/wp-json\/wp\/v2\/comments?post=9028"}],"version-history":[{"count":22,"href":"https:\/\/www.muca.eu\/en\/wp-json\/wp\/v2\/posts\/9028\/revisions"}],"predecessor-version":[{"id":9172,"href":"https:\/\/www.muca.eu\/en\/wp-json\/wp\/v2\/posts\/9028\/revisions\/9172"}],"wp:featuredmedia":[{"embeddable":true,"href":"https:\/\/www.muca.eu\/en\/wp-json\/wp\/v2\/media\/9239"}],"wp:attachment":[{"href":"https:\/\/www.muca.eu\/en\/wp-json\/wp\/v2\/media?parent=9028"}],"wp:term":[{"taxonomy":"category","embeddable":true,"href":"https:\/\/www.muca.eu\/en\/wp-json\/wp\/v2\/categories?post=9028"},{"taxonomy":"post_tag","embeddable":true,"href":"https:\/\/www.muca.eu\/en\/wp-json\/wp\/v2\/tags?post=9028"}],"curies":[{"name":"wp","href":"https:\/\/api.w.org\/{rel}","templated":true}]}}