{"id":5953,"date":"2023-10-26T10:39:04","date_gmt":"2023-10-26T08:39:04","guid":{"rendered":"https:\/\/www.muca.eu\/?p=5953"},"modified":"2023-10-26T19:18:51","modified_gmt":"2023-10-26T17:18:51","slug":"muca-eroeffnet-damien-hirst-solo-show","status":"publish","type":"post","link":"https:\/\/www.muca.eu\/en\/muca-eroeffnet-damien-hirst-solo-show\/","title":{"rendered":"MUCA opens Damien Hirst exhibition in Munich"},"content":{"rendered":"<div data-elementor-type=\"wp-post\" data-elementor-id=\"5953\" class=\"elementor elementor-5953\" data-elementor-post-type=\"post\">\n\t\t\t\t\t\t<section class=\"elementor-section elementor-top-section elementor-element elementor-element-62a64b1 elementor-section-boxed elementor-section-height-default elementor-section-height-default\" data-id=\"62a64b1\" data-element_type=\"section\" data-e-type=\"section\">\n\t\t\t\t\t\t<div class=\"elementor-container elementor-column-gap-default\">\n\t\t\t\t\t<div class=\"elementor-column elementor-col-100 elementor-top-column elementor-element elementor-element-a3c09f6\" data-id=\"a3c09f6\" data-element_type=\"column\" data-e-type=\"column\">\n\t\t\t<div class=\"elementor-widget-wrap elementor-element-populated\">\n\t\t\t\t\t\t<div class=\"elementor-element elementor-element-25964de elementor-widget elementor-widget-text-editor\" data-id=\"25964de\" data-element_type=\"widget\" data-e-type=\"widget\" data-widget_type=\"text-editor.default\">\n\t\t\t\t<div class=\"elementor-widget-container\">\n\t\t\t\t\t\t\t\t\t<p>The wait is over: on 26.10.2023, the MUCA will open the big <a href=\"https:\/\/www.muca.eu\/en\/artists\/damien-hirst-ausstellung-muenchen\/\" target=\"_blank\" rel=\"noopener\"><strong>Damien Hirst<\/strong><\/a> Overview exhibition <a href=\"https:\/\/www.muca.eu\/en\/exhibition\/damien-hirst-the-weight-of-things\/\" target=\"_blank\" rel=\"noopener\"><strong><em>\"The Weight of Things<\/em><\/strong><\/a>. In the solo show, some of the British artist's most iconic works will be presented in Germany for the first time.<\/p><p>The exhibition includes over 40 works from across Hirst's career, including works from the series <strong>Natural History<\/strong> (Formaldehyde sculptures), <strong>Spin Paintings<\/strong>, <strong>Medicine Cabinets<\/strong> and <strong>Treasures from the Wreck of the Unbelievable<\/strong>.<\/p><p><em><strong><a href=\"https:\/\/www.muca.eu\/en\/for-the-love-of-god\/\" target=\"_blank\" rel=\"noopener\">For the Love of God (2007<\/a><\/strong><\/em>), Damien Hirst's famous platinum cast of a human skull set with 8,601 diamonds, is one of the iconic artworks on display. Since its debut in 2007, For the Love of God has become one of the most recognisable works of contemporary art. This work will be on display until 28 January 2024.<\/p><p>On the outside of the MUCA you can see the sculpture <strong><em>Legend (2011<\/em><\/strong>) in front of the museum and a <strong>Spot Painting<\/strong> by Hirst on the museum's giant wall.<\/p>\t\t\t\t\t\t\t\t<\/div>\n\t\t\t\t<\/div>\n\t\t\t\t<div class=\"elementor-element elementor-element-7adacef elementor-widget elementor-widget-button\" data-id=\"7adacef\" data-element_type=\"widget\" data-e-type=\"widget\" data-widget_type=\"button.default\">\n\t\t\t\t<div class=\"elementor-widget-container\">\n\t\t\t\t\t\t\t\t\t<div class=\"elementor-button-wrapper\">\n\t\t\t\t\t<a class=\"elementor-button elementor-button-link elementor-size-sm\" href=\"https:\/\/shop.muca.eu\/produkt\/eintritt-muca-damien-hirst-the-weight-of-things\/\">\n\t\t\t\t\t\t<span class=\"elementor-button-content-wrapper\">\n\t\t\t\t\t\t\t\t\t<span class=\"elementor-button-text\">Secure tickets for Hirst exhibition<\/span>\n\t\t\t\t\t<\/span>\n\t\t\t\t\t<\/a>\n\t\t\t\t<\/div>\n\t\t\t\t\t\t\t\t<\/div>\n\t\t\t\t<\/div>\n\t\t\t\t<div class=\"elementor-element elementor-element-5072776 elementor-widget elementor-widget-button\" data-id=\"5072776\" data-element_type=\"widget\" data-e-type=\"widget\" data-widget_type=\"button.default\">\n\t\t\t\t<div class=\"elementor-widget-container\">\n\t\t\t\t\t\t\t\t\t<div class=\"elementor-button-wrapper\">\n\t\t\t\t\t<a class=\"elementor-button elementor-button-link elementor-size-sm\" href=\"https:\/\/www.muca.eu\/en\/exhibition\/damien-hirst-the-weight-of-things\/\">\n\t\t\t\t\t\t<span class=\"elementor-button-content-wrapper\">\n\t\t\t\t\t\t\t\t\t<span class=\"elementor-button-text\">Learn more about the exhibition<\/span>\n\t\t\t\t\t<\/span>\n\t\t\t\t\t<\/a>\n\t\t\t\t<\/div>\n\t\t\t\t\t\t\t\t<\/div>\n\t\t\t\t<\/div>\n\t\t\t\t\t<\/div>\n\t\t<\/div>\n\t\t\t\t\t<\/div>\n\t\t<\/section>\n\t\t\t\t<\/div>","protected":false},"excerpt":{"rendered":"<p>The wait is over: experience some of the British artist's most iconic works for the first time in Germany.<\/p>","protected":false},"author":4,"featured_media":5974,"comment_status":"closed","ping_status":"closed","sticky":false,"template":"","format":"standard","meta":{"_acf_changed":false,"inline_featured_image":false,"footnotes":""},"categories":[1],"tags":[],"class_list":["post-5953","post","type-post","status-publish","format-standard","has-post-thumbnail","hentry","category-uncategorized"],"acf":[],"yoast_head":"<!-- This site is optimized with the Yoast SEO plugin v27.3 - https:\/\/yoast.com\/product\/yoast-seo-wordpress\/ -->\n<title>MUCA er\u00f6ffnet Damien Hirst Ausstellung in M\u00fcnchen &#187; MUCA<\/title>\n<meta name=\"description\" content=\"Das Warten hat ein Ende: Am 26.10.2023 er\u00f6ffnet das MUCA die gro\u00dfe Damien Hirst \u00dcberblicks-Ausstellung \u201eThe Weight of Things\u201c in M\u00fcnchen.\" \/>\n<meta name=\"robots\" content=\"index, follow, max-snippet:-1, max-image-preview:large, max-video-preview:-1\" \/>\n<link rel=\"canonical\" href=\"https:\/\/www.muca.eu\/en\/muca-eroeffnet-damien-hirst-solo-show\/\" \/>\n<meta property=\"og:locale\" content=\"en_GB\" \/>\n<meta property=\"og:type\" content=\"article\" \/>\n<meta property=\"og:title\" content=\"MUCA er\u00f6ffnet Damien Hirst Ausstellung in M\u00fcnchen &#187; MUCA\" \/>\n<meta property=\"og:description\" content=\"Das Warten hat ein Ende: Am 26.10.2023 er\u00f6ffnet das MUCA die gro\u00dfe Damien Hirst \u00dcberblicks-Ausstellung \u201eThe Weight of Things\u201c in M\u00fcnchen.\" \/>\n<meta property=\"og:url\" content=\"https:\/\/www.muca.eu\/en\/muca-eroeffnet-damien-hirst-solo-show\/\" \/>\n<meta property=\"og:site_name\" content=\"MUCA\" \/>\n<meta property=\"article:published_time\" content=\"2023-10-26T08:39:04+00:00\" \/>\n<meta property=\"article:modified_time\" content=\"2023-10-26T17:18:51+00:00\" \/>\n<meta property=\"og:image\" content=\"https:\/\/www.muca.eu\/wp-content\/uploads\/2023\/10\/Installation-view-31-1-768x1024.jpg\" \/>\n\t<meta property=\"og:image:width\" content=\"768\" \/>\n\t<meta property=\"og:image:height\" content=\"1024\" \/>\n\t<meta property=\"og:image:type\" content=\"image\/jpeg\" \/>\n<meta name=\"author\" content=\"muca_hofmann\" \/>\n<meta name=\"twitter:card\" content=\"summary_large_image\" \/>\n<meta name=\"twitter:label1\" content=\"Written by\" \/>\n\t<meta name=\"twitter:data1\" content=\"muca_hofmann\" \/>\n\t<meta name=\"twitter:label2\" content=\"Estimated reading time\" \/>\n\t<meta name=\"twitter:data2\" content=\"1 minute\" \/>\n<script type=\"application\/ld+json\" class=\"yoast-schema-graph\">{\"@context\":\"https:\\\/\\\/schema.org\",\"@graph\":[{\"@type\":\"Article\",\"@id\":\"https:\\\/\\\/www.muca.eu\\\/muca-eroeffnet-damien-hirst-solo-show\\\/#article\",\"isPartOf\":{\"@id\":\"https:\\\/\\\/www.muca.eu\\\/muca-eroeffnet-damien-hirst-solo-show\\\/\"},\"author\":{\"name\":\"muca_hofmann\",\"@id\":\"https:\\\/\\\/www.muca.eu\\\/#\\\/schema\\\/person\\\/6a8902792e5086171a2bd13fc82d6f41\"},\"headline\":\"MUCA er\u00f6ffnet Damien Hirst Ausstellung in M\u00fcnchen\",\"datePublished\":\"2023-10-26T08:39:04+00:00\",\"dateModified\":\"2023-10-26T17:18:51+00:00\",\"mainEntityOfPage\":{\"@id\":\"https:\\\/\\\/www.muca.eu\\\/muca-eroeffnet-damien-hirst-solo-show\\\/\"},\"wordCount\":171,\"publisher\":{\"@id\":\"https:\\\/\\\/www.muca.eu\\\/#organization\"},\"image\":{\"@id\":\"https:\\\/\\\/www.muca.eu\\\/muca-eroeffnet-damien-hirst-solo-show\\\/#primaryimage\"},\"thumbnailUrl\":\"https:\\\/\\\/www.muca.eu\\\/wp-content\\\/uploads\\\/2023\\\/10\\\/Installation-view-31-1.jpg\",\"articleSection\":[\"Uncategorized\"],\"inLanguage\":\"en-GB\"},{\"@type\":\"WebPage\",\"@id\":\"https:\\\/\\\/www.muca.eu\\\/muca-eroeffnet-damien-hirst-solo-show\\\/\",\"url\":\"https:\\\/\\\/www.muca.eu\\\/muca-eroeffnet-damien-hirst-solo-show\\\/\",\"name\":\"MUCA er\u00f6ffnet Damien Hirst Ausstellung in M\u00fcnchen &#187; MUCA\",\"isPartOf\":{\"@id\":\"https:\\\/\\\/www.muca.eu\\\/#website\"},\"primaryImageOfPage\":{\"@id\":\"https:\\\/\\\/www.muca.eu\\\/muca-eroeffnet-damien-hirst-solo-show\\\/#primaryimage\"},\"image\":{\"@id\":\"https:\\\/\\\/www.muca.eu\\\/muca-eroeffnet-damien-hirst-solo-show\\\/#primaryimage\"},\"thumbnailUrl\":\"https:\\\/\\\/www.muca.eu\\\/wp-content\\\/uploads\\\/2023\\\/10\\\/Installation-view-31-1.jpg\",\"datePublished\":\"2023-10-26T08:39:04+00:00\",\"dateModified\":\"2023-10-26T17:18:51+00:00\",\"description\":\"Das Warten hat ein Ende: Am 26.10.2023 er\u00f6ffnet das MUCA die gro\u00dfe Damien Hirst \u00dcberblicks-Ausstellung \u201eThe Weight of Things\u201c in M\u00fcnchen.\",\"breadcrumb\":{\"@id\":\"https:\\\/\\\/www.muca.eu\\\/muca-eroeffnet-damien-hirst-solo-show\\\/#breadcrumb\"},\"inLanguage\":\"en-GB\",\"potentialAction\":[{\"@type\":\"ReadAction\",\"target\":[\"https:\\\/\\\/www.muca.eu\\\/muca-eroeffnet-damien-hirst-solo-show\\\/\"]}]},{\"@type\":\"ImageObject\",\"inLanguage\":\"en-GB\",\"@id\":\"https:\\\/\\\/www.muca.eu\\\/muca-eroeffnet-damien-hirst-solo-show\\\/#primaryimage\",\"url\":\"https:\\\/\\\/www.muca.eu\\\/wp-content\\\/uploads\\\/2023\\\/10\\\/Installation-view-31-1.jpg\",\"contentUrl\":\"https:\\\/\\\/www.muca.eu\\\/wp-content\\\/uploads\\\/2023\\\/10\\\/Installation-view-31-1.jpg\",\"width\":1752,\"height\":2335,\"caption\":\"Installation View, Damien Hirst: The Weight of Things at the Museum of Urban and Contemporary Art (MUCA), 2023. Photographed by Prudence Cuming Associates Ltd. \u00a9 Damien Hirst and Science Ltd. All rights reserved, DACS\\\/Artimage 2023.\"},{\"@type\":\"BreadcrumbList\",\"@id\":\"https:\\\/\\\/www.muca.eu\\\/muca-eroeffnet-damien-hirst-solo-show\\\/#breadcrumb\",\"itemListElement\":[{\"@type\":\"ListItem\",\"position\":1,\"name\":\"Home\",\"item\":\"https:\\\/\\\/www.muca.eu\\\/\"},{\"@type\":\"ListItem\",\"position\":2,\"name\":\"MUCA er\u00f6ffnet Damien Hirst Ausstellung in M\u00fcnchen\"}]},{\"@type\":\"WebSite\",\"@id\":\"https:\\\/\\\/www.muca.eu\\\/#website\",\"url\":\"https:\\\/\\\/www.muca.eu\\\/\",\"name\":\"MUCA\",\"description\":\"Museum of Urban and Contemporary Art\",\"publisher\":{\"@id\":\"https:\\\/\\\/www.muca.eu\\\/#organization\"},\"potentialAction\":[{\"@type\":\"SearchAction\",\"target\":{\"@type\":\"EntryPoint\",\"urlTemplate\":\"https:\\\/\\\/www.muca.eu\\\/?s={search_term_string}\"},\"query-input\":{\"@type\":\"PropertyValueSpecification\",\"valueRequired\":true,\"valueName\":\"search_term_string\"}}],\"inLanguage\":\"en-GB\"},{\"@type\":\"Organization\",\"@id\":\"https:\\\/\\\/www.muca.eu\\\/#organization\",\"name\":\"MUCA\",\"url\":\"https:\\\/\\\/www.muca.eu\\\/\",\"logo\":{\"@type\":\"ImageObject\",\"inLanguage\":\"en-GB\",\"@id\":\"https:\\\/\\\/www.muca.eu\\\/#\\\/schema\\\/logo\\\/image\\\/\",\"url\":\"https:\\\/\\\/www.muca.eu\\\/wp-content\\\/uploads\\\/2022\\\/08\\\/logo_website1.png\",\"contentUrl\":\"https:\\\/\\\/www.muca.eu\\\/wp-content\\\/uploads\\\/2022\\\/08\\\/logo_website1.png\",\"width\":575,\"height\":160,\"caption\":\"MUCA\"},\"image\":{\"@id\":\"https:\\\/\\\/www.muca.eu\\\/#\\\/schema\\\/logo\\\/image\\\/\"}},{\"@type\":\"Person\",\"@id\":\"https:\\\/\\\/www.muca.eu\\\/#\\\/schema\\\/person\\\/6a8902792e5086171a2bd13fc82d6f41\",\"name\":\"muca_hofmann\",\"image\":{\"@type\":\"ImageObject\",\"inLanguage\":\"en-GB\",\"@id\":\"https:\\\/\\\/secure.gravatar.com\\\/avatar\\\/7c036ab7c319a1845738adcdcf16c986b85d9a2b147df21555b5ab1b45c3ac53?s=96&d=mm&r=g\",\"url\":\"https:\\\/\\\/secure.gravatar.com\\\/avatar\\\/7c036ab7c319a1845738adcdcf16c986b85d9a2b147df21555b5ab1b45c3ac53?s=96&d=mm&r=g\",\"contentUrl\":\"https:\\\/\\\/secure.gravatar.com\\\/avatar\\\/7c036ab7c319a1845738adcdcf16c986b85d9a2b147df21555b5ab1b45c3ac53?s=96&d=mm&r=g\",\"caption\":\"muca_hofmann\"}}]}<\/script>\n<!-- \/ Yoast SEO plugin. -->","yoast_head_json":{"title":"MUCA opens Damien Hirst exhibition in Munich \" MUCA","description":"The wait is over: On 26 October 2023, the MUCA will open the major Damien Hirst overview exhibition \"The Weight of Things\" in Munich.","robots":{"index":"index","follow":"follow","max-snippet":"max-snippet:-1","max-image-preview":"max-image-preview:large","max-video-preview":"max-video-preview:-1"},"canonical":"https:\/\/www.muca.eu\/en\/muca-eroeffnet-damien-hirst-solo-show\/","og_locale":"en_GB","og_type":"article","og_title":"MUCA er\u00f6ffnet Damien Hirst Ausstellung in M\u00fcnchen &#187; MUCA","og_description":"Das Warten hat ein Ende: Am 26.10.2023 er\u00f6ffnet das MUCA die gro\u00dfe Damien Hirst \u00dcberblicks-Ausstellung \u201eThe Weight of Things\u201c in M\u00fcnchen.","og_url":"https:\/\/www.muca.eu\/en\/muca-eroeffnet-damien-hirst-solo-show\/","og_site_name":"MUCA","article_published_time":"2023-10-26T08:39:04+00:00","article_modified_time":"2023-10-26T17:18:51+00:00","og_image":[{"width":768,"height":1024,"url":"https:\/\/www.muca.eu\/wp-content\/uploads\/2023\/10\/Installation-view-31-1-768x1024.jpg","type":"image\/jpeg"}],"author":"muca_hofmann","twitter_card":"summary_large_image","twitter_misc":{"Written by":"muca_hofmann","Estimated reading time":"1 minute"},"schema":{"@context":"https:\/\/schema.org","@graph":[{"@type":"Article","@id":"https:\/\/www.muca.eu\/muca-eroeffnet-damien-hirst-solo-show\/#article","isPartOf":{"@id":"https:\/\/www.muca.eu\/muca-eroeffnet-damien-hirst-solo-show\/"},"author":{"name":"muca_hofmann","@id":"https:\/\/www.muca.eu\/#\/schema\/person\/6a8902792e5086171a2bd13fc82d6f41"},"headline":"MUCA er\u00f6ffnet Damien Hirst Ausstellung in M\u00fcnchen","datePublished":"2023-10-26T08:39:04+00:00","dateModified":"2023-10-26T17:18:51+00:00","mainEntityOfPage":{"@id":"https:\/\/www.muca.eu\/muca-eroeffnet-damien-hirst-solo-show\/"},"wordCount":171,"publisher":{"@id":"https:\/\/www.muca.eu\/#organization"},"image":{"@id":"https:\/\/www.muca.eu\/muca-eroeffnet-damien-hirst-solo-show\/#primaryimage"},"thumbnailUrl":"https:\/\/www.muca.eu\/wp-content\/uploads\/2023\/10\/Installation-view-31-1.jpg","articleSection":["Uncategorized"],"inLanguage":"en-GB"},{"@type":"WebPage","@id":"https:\/\/www.muca.eu\/muca-eroeffnet-damien-hirst-solo-show\/","url":"https:\/\/www.muca.eu\/muca-eroeffnet-damien-hirst-solo-show\/","name":"MUCA opens Damien Hirst exhibition in Munich \" MUCA","isPartOf":{"@id":"https:\/\/www.muca.eu\/#website"},"primaryImageOfPage":{"@id":"https:\/\/www.muca.eu\/muca-eroeffnet-damien-hirst-solo-show\/#primaryimage"},"image":{"@id":"https:\/\/www.muca.eu\/muca-eroeffnet-damien-hirst-solo-show\/#primaryimage"},"thumbnailUrl":"https:\/\/www.muca.eu\/wp-content\/uploads\/2023\/10\/Installation-view-31-1.jpg","datePublished":"2023-10-26T08:39:04+00:00","dateModified":"2023-10-26T17:18:51+00:00","description":"The wait is over: On 26 October 2023, the MUCA will open the major Damien Hirst overview exhibition \"The Weight of Things\" in Munich.","breadcrumb":{"@id":"https:\/\/www.muca.eu\/muca-eroeffnet-damien-hirst-solo-show\/#breadcrumb"},"inLanguage":"en-GB","potentialAction":[{"@type":"ReadAction","target":["https:\/\/www.muca.eu\/muca-eroeffnet-damien-hirst-solo-show\/"]}]},{"@type":"ImageObject","inLanguage":"en-GB","@id":"https:\/\/www.muca.eu\/muca-eroeffnet-damien-hirst-solo-show\/#primaryimage","url":"https:\/\/www.muca.eu\/wp-content\/uploads\/2023\/10\/Installation-view-31-1.jpg","contentUrl":"https:\/\/www.muca.eu\/wp-content\/uploads\/2023\/10\/Installation-view-31-1.jpg","width":1752,"height":2335,"caption":"Installation View, Damien Hirst: The Weight of Things at the Museum of Urban and Contemporary Art (MUCA), 2023. Photographed by Prudence Cuming Associates Ltd. \u00a9 Damien Hirst and Science Ltd. All rights reserved, DACS\/Artimage 2023."},{"@type":"BreadcrumbList","@id":"https:\/\/www.muca.eu\/muca-eroeffnet-damien-hirst-solo-show\/#breadcrumb","itemListElement":[{"@type":"ListItem","position":1,"name":"Home","item":"https:\/\/www.muca.eu\/"},{"@type":"ListItem","position":2,"name":"MUCA er\u00f6ffnet Damien Hirst Ausstellung in M\u00fcnchen"}]},{"@type":"WebSite","@id":"https:\/\/www.muca.eu\/#website","url":"https:\/\/www.muca.eu\/","name":"MUCA","description":"Museum of Urban and Contemporary Art","publisher":{"@id":"https:\/\/www.muca.eu\/#organization"},"potentialAction":[{"@type":"SearchAction","target":{"@type":"EntryPoint","urlTemplate":"https:\/\/www.muca.eu\/?s={search_term_string}"},"query-input":{"@type":"PropertyValueSpecification","valueRequired":true,"valueName":"search_term_string"}}],"inLanguage":"en-GB"},{"@type":"Organization","@id":"https:\/\/www.muca.eu\/#organization","name":"MUCA","url":"https:\/\/www.muca.eu\/","logo":{"@type":"ImageObject","inLanguage":"en-GB","@id":"https:\/\/www.muca.eu\/#\/schema\/logo\/image\/","url":"https:\/\/www.muca.eu\/wp-content\/uploads\/2022\/08\/logo_website1.png","contentUrl":"https:\/\/www.muca.eu\/wp-content\/uploads\/2022\/08\/logo_website1.png","width":575,"height":160,"caption":"MUCA"},"image":{"@id":"https:\/\/www.muca.eu\/#\/schema\/logo\/image\/"}},{"@type":"Person","@id":"https:\/\/www.muca.eu\/#\/schema\/person\/6a8902792e5086171a2bd13fc82d6f41","name":"muca_hofmann","image":{"@type":"ImageObject","inLanguage":"en-GB","@id":"https:\/\/secure.gravatar.com\/avatar\/7c036ab7c319a1845738adcdcf16c986b85d9a2b147df21555b5ab1b45c3ac53?s=96&d=mm&r=g","url":"https:\/\/secure.gravatar.com\/avatar\/7c036ab7c319a1845738adcdcf16c986b85d9a2b147df21555b5ab1b45c3ac53?s=96&d=mm&r=g","contentUrl":"https:\/\/secure.gravatar.com\/avatar\/7c036ab7c319a1845738adcdcf16c986b85d9a2b147df21555b5ab1b45c3ac53?s=96&d=mm&r=g","caption":"muca_hofmann"}}]}},"_links":{"self":[{"href":"https:\/\/www.muca.eu\/en\/wp-json\/wp\/v2\/posts\/5953","targetHints":{"allow":["GET"]}}],"collection":[{"href":"https:\/\/www.muca.eu\/en\/wp-json\/wp\/v2\/posts"}],"about":[{"href":"https:\/\/www.muca.eu\/en\/wp-json\/wp\/v2\/types\/post"}],"author":[{"embeddable":true,"href":"https:\/\/www.muca.eu\/en\/wp-json\/wp\/v2\/users\/4"}],"replies":[{"embeddable":true,"href":"https:\/\/www.muca.eu\/en\/wp-json\/wp\/v2\/comments?post=5953"}],"version-history":[{"count":19,"href":"https:\/\/www.muca.eu\/en\/wp-json\/wp\/v2\/posts\/5953\/revisions"}],"predecessor-version":[{"id":5973,"href":"https:\/\/www.muca.eu\/en\/wp-json\/wp\/v2\/posts\/5953\/revisions\/5973"}],"wp:featuredmedia":[{"embeddable":true,"href":"https:\/\/www.muca.eu\/en\/wp-json\/wp\/v2\/media\/5974"}],"wp:attachment":[{"href":"https:\/\/www.muca.eu\/en\/wp-json\/wp\/v2\/media?parent=5953"}],"wp:term":[{"taxonomy":"category","embeddable":true,"href":"https:\/\/www.muca.eu\/en\/wp-json\/wp\/v2\/categories?post=5953"},{"taxonomy":"post_tag","embeddable":true,"href":"https:\/\/www.muca.eu\/en\/wp-json\/wp\/v2\/tags?post=5953"}],"curies":[{"name":"wp","href":"https:\/\/api.w.org\/{rel}","templated":true}]}}