{"id":1192,"date":"2022-09-05T10:33:27","date_gmt":"2022-09-05T08:33:27","guid":{"rendered":"https:\/\/muca.eu\/?p=1192"},"modified":"2022-11-18T10:29:36","modified_gmt":"2022-11-18T09:29:36","slug":"jr-inside-out-werde-am-09-10-september-teil-des-groessten-gemeinschaftsprojekts-der-welt","status":"publish","type":"post","link":"https:\/\/www.muca.eu\/en\/jr-inside-out-werde-am-09-10-september-teil-des-groessten-gemeinschaftsprojekts-der-welt\/","title":{"rendered":"JR Inside Out: Be part of the biggest community project in the world on 09\/10 September!"},"content":{"rendered":"<div data-elementor-type=\"wp-post\" data-elementor-id=\"1192\" class=\"elementor elementor-1192\" data-elementor-post-type=\"post\">\n\t\t\t\t\t\t<section class=\"elementor-section elementor-top-section elementor-element elementor-element-57d77cf elementor-section-boxed elementor-section-height-default elementor-section-height-default\" data-id=\"57d77cf\" data-element_type=\"section\" data-e-type=\"section\">\n\t\t\t\t\t\t<div class=\"elementor-container elementor-column-gap-default\">\n\t\t\t\t\t<div class=\"elementor-column elementor-col-100 elementor-top-column elementor-element elementor-element-2a05e13\" data-id=\"2a05e13\" data-element_type=\"column\" data-e-type=\"column\">\n\t\t\t<div class=\"elementor-widget-wrap elementor-element-populated\">\n\t\t\t\t\t\t<div class=\"elementor-element elementor-element-ce419d3 elementor-widget elementor-widget-text-editor\" data-id=\"ce419d3\" data-element_type=\"widget\" data-e-type=\"widget\" data-widget_type=\"text-editor.default\">\n\t\t\t\t<div class=\"elementor-widget-container\">\n\t\t\t\t\t\t\t\t\t<p>At the beginning of September, the Museum of Urban and Contemporary Art (MUCA) will become part of the Inside Out project. As the first of a total of five stations in Munich, the team of the renowned artist JR will cover the \"MUCA Giant Wall\" with 369 individual portraits.<\/p><p><strong>JR's photo truck will stop at Hotterstra\u00dfe 12, on the MUCA outdoor area, on 09 and 10 September.<\/strong><\/p><p>Everyone is invited to be photographed for the participation project \"Art &amp; Culture for All\". The portraits will be taken in the truck, printed in large format and posted directly on site. All participants are involved in the process and can follow the action live.<\/p><p><strong>Come along on 09 and 10 September between 12 - 7pm and get the chance to put your face to one of Munich's biggest outdoor art projects.<\/strong><\/p><p>Further stations can be found on the page of our cooperation partner\u00a0<a href=\"https:\/\/www.kunsthalle-muc.de\/\">www.kunsthalle-muc.de<\/a><\/p>\t\t\t\t\t\t\t\t<\/div>\n\t\t\t\t<\/div>\n\t\t\t\t<div class=\"elementor-element elementor-element-a9e72c6 elementor-widget elementor-widget-heading\" data-id=\"a9e72c6\" data-element_type=\"widget\" data-e-type=\"widget\" data-widget_type=\"heading.default\">\n\t\t\t\t<div class=\"elementor-widget-container\">\n\t\t\t\t\t<h2 class=\"elementor-heading-title elementor-size-default\">JR: Chronicles Event Highlights<\/h2>\t\t\t\t<\/div>\n\t\t\t\t<\/div>\n\t\t\t\t<div class=\"elementor-element elementor-element-5abe75c elementor-widget elementor-widget-text-editor\" data-id=\"5abe75c\" data-element_type=\"widget\" data-e-type=\"widget\" data-widget_type=\"text-editor.default\">\n\t\t\t\t<div class=\"elementor-widget-container\">\n\t\t\t\t\t\t\t\t\t<p>There will also be other highlights as part of the cooperation with the JR: Chronicles exhibition at the Kunsthalle M\u00fcnchen:<\/p><p><strong>PANEL DISCUSSION<\/strong><\/p><p>\"Street Art between Art and (Il-)Legality\" with street artist Loomit, MUCA founder Stephanie Utz, City Planning Councillor Prof. Elisabeth Merk and Chief Detective Stefan Schneider from the Graffiti Coordination Group.<\/p><p><strong>When:<\/strong>\u00a08.11. at 8:15 pm<br \/><strong>Where:<\/strong>\u00a0Kunsthalle Munich<br \/><strong>Tickets:<\/strong>\u00a0free of charge<\/p><p>Registration:\u00a0<a href=\"https:\/\/www.kunsthalle-muc.de\/\">www.kunsthalle-muc.de<\/a><\/p><p><strong>CURATOR DOUBLE TOUR<\/strong><\/p><p>Visit the JR: Chronicles at the Kunsthalle and then the anniversary exhibition of the Museum of Urban and Contemporary Art (MUCA), guided by MUCA founder Stephanie Utz.<\/p><p><strong>When:<\/strong>\u00a017.11., at 5 pm<br \/><strong>Where:<\/strong>\u00a0Start at Kunsthalle M\u00fcnchen, then 5 min. walk to MUCA<br \/><strong>Tickets<\/strong>: 25\u20ac incl. admission<\/p><p>Registration:\u00a0<a href=\"https:\/\/www.kunsthalle-muc.de\/\">www.kunsthalle-muc.de<\/a><\/p>\t\t\t\t\t\t\t\t<\/div>\n\t\t\t\t<\/div>\n\t\t\t\t\t<\/div>\n\t\t<\/div>\n\t\t\t\t\t<\/div>\n\t\t<\/section>\n\t\t\t\t<\/div>","protected":false},"excerpt":{"rendered":"<p>JR's photo truck will stop at Hotterstra\u00dfe 12, on the MUCA outdoor area, on 09 and 10 September.<\/p>","protected":false},"author":1,"featured_media":1628,"comment_status":"closed","ping_status":"closed","sticky":false,"template":"","format":"standard","meta":{"_acf_changed":false,"inline_featured_image":false,"footnotes":""},"categories":[1],"tags":[],"class_list":["post-1192","post","type-post","status-publish","format-standard","has-post-thumbnail","hentry","category-uncategorized"],"acf":[],"yoast_head":"<!-- This site is optimized with the Yoast SEO plugin v27.3 - https:\/\/yoast.com\/product\/yoast-seo-wordpress\/ -->\n<title>JR Inside Out: Werde am 09.\/10. September Teil des gr\u00f6\u00dften Gemeinschaftsprojekts der Welt! &#187; MUCA<\/title>\n<meta name=\"robots\" content=\"index, follow, max-snippet:-1, max-image-preview:large, max-video-preview:-1\" \/>\n<link rel=\"canonical\" href=\"https:\/\/www.muca.eu\/en\/jr-inside-out-werde-am-09-10-september-teil-des-groessten-gemeinschaftsprojekts-der-welt\/\" \/>\n<meta property=\"og:locale\" content=\"en_GB\" \/>\n<meta property=\"og:type\" content=\"article\" \/>\n<meta property=\"og:title\" content=\"JR Inside Out: Werde am 09.\/10. September Teil des gr\u00f6\u00dften Gemeinschaftsprojekts der Welt! &#187; MUCA\" \/>\n<meta property=\"og:description\" content=\"JRs Fototruck h\u00e4lt am 09. und 10. September in der Hotterstra\u00dfe 12, auf dem MUCA Au\u00dfengel\u00e4nde.\" \/>\n<meta property=\"og:url\" content=\"https:\/\/www.muca.eu\/en\/jr-inside-out-werde-am-09-10-september-teil-des-groessten-gemeinschaftsprojekts-der-welt\/\" \/>\n<meta property=\"og:site_name\" content=\"MUCA\" \/>\n<meta property=\"article:published_time\" content=\"2022-09-05T08:33:27+00:00\" \/>\n<meta property=\"article:modified_time\" content=\"2022-11-18T09:29:36+00:00\" \/>\n<meta property=\"og:image\" content=\"https:\/\/www.muca.eu\/wp-content\/uploads\/2022\/11\/MUCAxJR_Giant-Wall_Photo_by_Ales-Josifovski-scaled.jpeg\" \/>\n\t<meta property=\"og:image:width\" content=\"2560\" \/>\n\t<meta property=\"og:image:height\" content=\"1920\" \/>\n\t<meta property=\"og:image:type\" content=\"image\/jpeg\" \/>\n<meta name=\"author\" content=\"admin\" \/>\n<meta name=\"twitter:card\" content=\"summary_large_image\" \/>\n<meta name=\"twitter:label1\" content=\"Written by\" \/>\n\t<meta name=\"twitter:data1\" content=\"admin\" \/>\n\t<meta name=\"twitter:label2\" content=\"Estimated reading time\" \/>\n\t<meta name=\"twitter:data2\" content=\"2 minutes\" \/>\n<script type=\"application\/ld+json\" class=\"yoast-schema-graph\">{\"@context\":\"https:\\\/\\\/schema.org\",\"@graph\":[{\"@type\":\"Article\",\"@id\":\"https:\\\/\\\/www.muca.eu\\\/jr-inside-out-werde-am-09-10-september-teil-des-groessten-gemeinschaftsprojekts-der-welt\\\/#article\",\"isPartOf\":{\"@id\":\"https:\\\/\\\/www.muca.eu\\\/jr-inside-out-werde-am-09-10-september-teil-des-groessten-gemeinschaftsprojekts-der-welt\\\/\"},\"author\":{\"name\":\"admin\",\"@id\":\"https:\\\/\\\/www.muca.eu\\\/#\\\/schema\\\/person\\\/b5a69788c18caeb230350018cf3cbf1b\"},\"headline\":\"JR Inside Out: Werde am 09.\\\/10. September Teil des gr\u00f6\u00dften Gemeinschaftsprojekts der Welt!\",\"datePublished\":\"2022-09-05T08:33:27+00:00\",\"dateModified\":\"2022-11-18T09:29:36+00:00\",\"mainEntityOfPage\":{\"@id\":\"https:\\\/\\\/www.muca.eu\\\/jr-inside-out-werde-am-09-10-september-teil-des-groessten-gemeinschaftsprojekts-der-welt\\\/\"},\"wordCount\":284,\"publisher\":{\"@id\":\"https:\\\/\\\/www.muca.eu\\\/#organization\"},\"image\":{\"@id\":\"https:\\\/\\\/www.muca.eu\\\/jr-inside-out-werde-am-09-10-september-teil-des-groessten-gemeinschaftsprojekts-der-welt\\\/#primaryimage\"},\"thumbnailUrl\":\"https:\\\/\\\/www.muca.eu\\\/wp-content\\\/uploads\\\/2022\\\/11\\\/MUCAxJR_Giant-Wall_Photo_by_Ales-Josifovski-scaled.jpeg\",\"articleSection\":[\"Uncategorized\"],\"inLanguage\":\"en-GB\"},{\"@type\":\"WebPage\",\"@id\":\"https:\\\/\\\/www.muca.eu\\\/jr-inside-out-werde-am-09-10-september-teil-des-groessten-gemeinschaftsprojekts-der-welt\\\/\",\"url\":\"https:\\\/\\\/www.muca.eu\\\/jr-inside-out-werde-am-09-10-september-teil-des-groessten-gemeinschaftsprojekts-der-welt\\\/\",\"name\":\"JR Inside Out: Werde am 09.\\\/10. September Teil des gr\u00f6\u00dften Gemeinschaftsprojekts der Welt! &#187; MUCA\",\"isPartOf\":{\"@id\":\"https:\\\/\\\/www.muca.eu\\\/#website\"},\"primaryImageOfPage\":{\"@id\":\"https:\\\/\\\/www.muca.eu\\\/jr-inside-out-werde-am-09-10-september-teil-des-groessten-gemeinschaftsprojekts-der-welt\\\/#primaryimage\"},\"image\":{\"@id\":\"https:\\\/\\\/www.muca.eu\\\/jr-inside-out-werde-am-09-10-september-teil-des-groessten-gemeinschaftsprojekts-der-welt\\\/#primaryimage\"},\"thumbnailUrl\":\"https:\\\/\\\/www.muca.eu\\\/wp-content\\\/uploads\\\/2022\\\/11\\\/MUCAxJR_Giant-Wall_Photo_by_Ales-Josifovski-scaled.jpeg\",\"datePublished\":\"2022-09-05T08:33:27+00:00\",\"dateModified\":\"2022-11-18T09:29:36+00:00\",\"breadcrumb\":{\"@id\":\"https:\\\/\\\/www.muca.eu\\\/jr-inside-out-werde-am-09-10-september-teil-des-groessten-gemeinschaftsprojekts-der-welt\\\/#breadcrumb\"},\"inLanguage\":\"en-GB\",\"potentialAction\":[{\"@type\":\"ReadAction\",\"target\":[\"https:\\\/\\\/www.muca.eu\\\/jr-inside-out-werde-am-09-10-september-teil-des-groessten-gemeinschaftsprojekts-der-welt\\\/\"]}]},{\"@type\":\"ImageObject\",\"inLanguage\":\"en-GB\",\"@id\":\"https:\\\/\\\/www.muca.eu\\\/jr-inside-out-werde-am-09-10-september-teil-des-groessten-gemeinschaftsprojekts-der-welt\\\/#primaryimage\",\"url\":\"https:\\\/\\\/www.muca.eu\\\/wp-content\\\/uploads\\\/2022\\\/11\\\/MUCAxJR_Giant-Wall_Photo_by_Ales-Josifovski-scaled.jpeg\",\"contentUrl\":\"https:\\\/\\\/www.muca.eu\\\/wp-content\\\/uploads\\\/2022\\\/11\\\/MUCAxJR_Giant-Wall_Photo_by_Ales-Josifovski-scaled.jpeg\",\"width\":2560,\"height\":1920,\"caption\":\"Giant Wall von JR MUCA M\u00fcnchen\"},{\"@type\":\"BreadcrumbList\",\"@id\":\"https:\\\/\\\/www.muca.eu\\\/jr-inside-out-werde-am-09-10-september-teil-des-groessten-gemeinschaftsprojekts-der-welt\\\/#breadcrumb\",\"itemListElement\":[{\"@type\":\"ListItem\",\"position\":1,\"name\":\"Home\",\"item\":\"https:\\\/\\\/www.muca.eu\\\/\"},{\"@type\":\"ListItem\",\"position\":2,\"name\":\"JR Inside Out: Werde am 09.\\\/10. September Teil des gr\u00f6\u00dften Gemeinschaftsprojekts der Welt!\"}]},{\"@type\":\"WebSite\",\"@id\":\"https:\\\/\\\/www.muca.eu\\\/#website\",\"url\":\"https:\\\/\\\/www.muca.eu\\\/\",\"name\":\"MUCA\",\"description\":\"Museum of Urban and Contemporary Art\",\"publisher\":{\"@id\":\"https:\\\/\\\/www.muca.eu\\\/#organization\"},\"potentialAction\":[{\"@type\":\"SearchAction\",\"target\":{\"@type\":\"EntryPoint\",\"urlTemplate\":\"https:\\\/\\\/www.muca.eu\\\/?s={search_term_string}\"},\"query-input\":{\"@type\":\"PropertyValueSpecification\",\"valueRequired\":true,\"valueName\":\"search_term_string\"}}],\"inLanguage\":\"en-GB\"},{\"@type\":\"Organization\",\"@id\":\"https:\\\/\\\/www.muca.eu\\\/#organization\",\"name\":\"MUCA\",\"url\":\"https:\\\/\\\/www.muca.eu\\\/\",\"logo\":{\"@type\":\"ImageObject\",\"inLanguage\":\"en-GB\",\"@id\":\"https:\\\/\\\/www.muca.eu\\\/#\\\/schema\\\/logo\\\/image\\\/\",\"url\":\"https:\\\/\\\/www.muca.eu\\\/wp-content\\\/uploads\\\/2022\\\/08\\\/logo_website1.png\",\"contentUrl\":\"https:\\\/\\\/www.muca.eu\\\/wp-content\\\/uploads\\\/2022\\\/08\\\/logo_website1.png\",\"width\":575,\"height\":160,\"caption\":\"MUCA\"},\"image\":{\"@id\":\"https:\\\/\\\/www.muca.eu\\\/#\\\/schema\\\/logo\\\/image\\\/\"}},{\"@type\":\"Person\",\"@id\":\"https:\\\/\\\/www.muca.eu\\\/#\\\/schema\\\/person\\\/b5a69788c18caeb230350018cf3cbf1b\",\"name\":\"admin\",\"image\":{\"@type\":\"ImageObject\",\"inLanguage\":\"en-GB\",\"@id\":\"https:\\\/\\\/secure.gravatar.com\\\/avatar\\\/2a0160a84fd7aef9c992a4801dfb553cecf11bdb2ef7c085b29f10922fbf6e7f?s=96&d=mm&r=g\",\"url\":\"https:\\\/\\\/secure.gravatar.com\\\/avatar\\\/2a0160a84fd7aef9c992a4801dfb553cecf11bdb2ef7c085b29f10922fbf6e7f?s=96&d=mm&r=g\",\"contentUrl\":\"https:\\\/\\\/secure.gravatar.com\\\/avatar\\\/2a0160a84fd7aef9c992a4801dfb553cecf11bdb2ef7c085b29f10922fbf6e7f?s=96&d=mm&r=g\",\"caption\":\"admin\"},\"sameAs\":[\"https:\\\/\\\/muca.eu\"]}]}<\/script>\n<!-- \/ Yoast SEO plugin. -->","yoast_head_json":{"title":"JR Inside Out: Be part of the biggest community project in the world on 09\/10 September! \" MUCA","robots":{"index":"index","follow":"follow","max-snippet":"max-snippet:-1","max-image-preview":"max-image-preview:large","max-video-preview":"max-video-preview:-1"},"canonical":"https:\/\/www.muca.eu\/en\/jr-inside-out-werde-am-09-10-september-teil-des-groessten-gemeinschaftsprojekts-der-welt\/","og_locale":"en_GB","og_type":"article","og_title":"JR Inside Out: Werde am 09.\/10. September Teil des gr\u00f6\u00dften Gemeinschaftsprojekts der Welt! &#187; MUCA","og_description":"JRs Fototruck h\u00e4lt am 09. und 10. September in der Hotterstra\u00dfe 12, auf dem MUCA Au\u00dfengel\u00e4nde.","og_url":"https:\/\/www.muca.eu\/en\/jr-inside-out-werde-am-09-10-september-teil-des-groessten-gemeinschaftsprojekts-der-welt\/","og_site_name":"MUCA","article_published_time":"2022-09-05T08:33:27+00:00","article_modified_time":"2022-11-18T09:29:36+00:00","og_image":[{"width":2560,"height":1920,"url":"https:\/\/www.muca.eu\/wp-content\/uploads\/2022\/11\/MUCAxJR_Giant-Wall_Photo_by_Ales-Josifovski-scaled.jpeg","type":"image\/jpeg"}],"author":"admin","twitter_card":"summary_large_image","twitter_misc":{"Written by":"admin","Estimated reading time":"2 minutes"},"schema":{"@context":"https:\/\/schema.org","@graph":[{"@type":"Article","@id":"https:\/\/www.muca.eu\/jr-inside-out-werde-am-09-10-september-teil-des-groessten-gemeinschaftsprojekts-der-welt\/#article","isPartOf":{"@id":"https:\/\/www.muca.eu\/jr-inside-out-werde-am-09-10-september-teil-des-groessten-gemeinschaftsprojekts-der-welt\/"},"author":{"name":"admin","@id":"https:\/\/www.muca.eu\/#\/schema\/person\/b5a69788c18caeb230350018cf3cbf1b"},"headline":"JR Inside Out: Werde am 09.\/10. September Teil des gr\u00f6\u00dften Gemeinschaftsprojekts der Welt!","datePublished":"2022-09-05T08:33:27+00:00","dateModified":"2022-11-18T09:29:36+00:00","mainEntityOfPage":{"@id":"https:\/\/www.muca.eu\/jr-inside-out-werde-am-09-10-september-teil-des-groessten-gemeinschaftsprojekts-der-welt\/"},"wordCount":284,"publisher":{"@id":"https:\/\/www.muca.eu\/#organization"},"image":{"@id":"https:\/\/www.muca.eu\/jr-inside-out-werde-am-09-10-september-teil-des-groessten-gemeinschaftsprojekts-der-welt\/#primaryimage"},"thumbnailUrl":"https:\/\/www.muca.eu\/wp-content\/uploads\/2022\/11\/MUCAxJR_Giant-Wall_Photo_by_Ales-Josifovski-scaled.jpeg","articleSection":["Uncategorized"],"inLanguage":"en-GB"},{"@type":"WebPage","@id":"https:\/\/www.muca.eu\/jr-inside-out-werde-am-09-10-september-teil-des-groessten-gemeinschaftsprojekts-der-welt\/","url":"https:\/\/www.muca.eu\/jr-inside-out-werde-am-09-10-september-teil-des-groessten-gemeinschaftsprojekts-der-welt\/","name":"JR Inside Out: Be part of the biggest community project in the world on 09\/10 September! \" MUCA","isPartOf":{"@id":"https:\/\/www.muca.eu\/#website"},"primaryImageOfPage":{"@id":"https:\/\/www.muca.eu\/jr-inside-out-werde-am-09-10-september-teil-des-groessten-gemeinschaftsprojekts-der-welt\/#primaryimage"},"image":{"@id":"https:\/\/www.muca.eu\/jr-inside-out-werde-am-09-10-september-teil-des-groessten-gemeinschaftsprojekts-der-welt\/#primaryimage"},"thumbnailUrl":"https:\/\/www.muca.eu\/wp-content\/uploads\/2022\/11\/MUCAxJR_Giant-Wall_Photo_by_Ales-Josifovski-scaled.jpeg","datePublished":"2022-09-05T08:33:27+00:00","dateModified":"2022-11-18T09:29:36+00:00","breadcrumb":{"@id":"https:\/\/www.muca.eu\/jr-inside-out-werde-am-09-10-september-teil-des-groessten-gemeinschaftsprojekts-der-welt\/#breadcrumb"},"inLanguage":"en-GB","potentialAction":[{"@type":"ReadAction","target":["https:\/\/www.muca.eu\/jr-inside-out-werde-am-09-10-september-teil-des-groessten-gemeinschaftsprojekts-der-welt\/"]}]},{"@type":"ImageObject","inLanguage":"en-GB","@id":"https:\/\/www.muca.eu\/jr-inside-out-werde-am-09-10-september-teil-des-groessten-gemeinschaftsprojekts-der-welt\/#primaryimage","url":"https:\/\/www.muca.eu\/wp-content\/uploads\/2022\/11\/MUCAxJR_Giant-Wall_Photo_by_Ales-Josifovski-scaled.jpeg","contentUrl":"https:\/\/www.muca.eu\/wp-content\/uploads\/2022\/11\/MUCAxJR_Giant-Wall_Photo_by_Ales-Josifovski-scaled.jpeg","width":2560,"height":1920,"caption":"Giant Wall von JR MUCA M\u00fcnchen"},{"@type":"BreadcrumbList","@id":"https:\/\/www.muca.eu\/jr-inside-out-werde-am-09-10-september-teil-des-groessten-gemeinschaftsprojekts-der-welt\/#breadcrumb","itemListElement":[{"@type":"ListItem","position":1,"name":"Home","item":"https:\/\/www.muca.eu\/"},{"@type":"ListItem","position":2,"name":"JR Inside Out: Werde am 09.\/10. September Teil des gr\u00f6\u00dften Gemeinschaftsprojekts der Welt!"}]},{"@type":"WebSite","@id":"https:\/\/www.muca.eu\/#website","url":"https:\/\/www.muca.eu\/","name":"MUCA","description":"Museum of Urban and Contemporary Art","publisher":{"@id":"https:\/\/www.muca.eu\/#organization"},"potentialAction":[{"@type":"SearchAction","target":{"@type":"EntryPoint","urlTemplate":"https:\/\/www.muca.eu\/?s={search_term_string}"},"query-input":{"@type":"PropertyValueSpecification","valueRequired":true,"valueName":"search_term_string"}}],"inLanguage":"en-GB"},{"@type":"Organization","@id":"https:\/\/www.muca.eu\/#organization","name":"MUCA","url":"https:\/\/www.muca.eu\/","logo":{"@type":"ImageObject","inLanguage":"en-GB","@id":"https:\/\/www.muca.eu\/#\/schema\/logo\/image\/","url":"https:\/\/www.muca.eu\/wp-content\/uploads\/2022\/08\/logo_website1.png","contentUrl":"https:\/\/www.muca.eu\/wp-content\/uploads\/2022\/08\/logo_website1.png","width":575,"height":160,"caption":"MUCA"},"image":{"@id":"https:\/\/www.muca.eu\/#\/schema\/logo\/image\/"}},{"@type":"Person","@id":"https:\/\/www.muca.eu\/#\/schema\/person\/b5a69788c18caeb230350018cf3cbf1b","name":"admin","image":{"@type":"ImageObject","inLanguage":"en-GB","@id":"https:\/\/secure.gravatar.com\/avatar\/2a0160a84fd7aef9c992a4801dfb553cecf11bdb2ef7c085b29f10922fbf6e7f?s=96&d=mm&r=g","url":"https:\/\/secure.gravatar.com\/avatar\/2a0160a84fd7aef9c992a4801dfb553cecf11bdb2ef7c085b29f10922fbf6e7f?s=96&d=mm&r=g","contentUrl":"https:\/\/secure.gravatar.com\/avatar\/2a0160a84fd7aef9c992a4801dfb553cecf11bdb2ef7c085b29f10922fbf6e7f?s=96&d=mm&r=g","caption":"admin"},"sameAs":["https:\/\/muca.eu"]}]}},"_links":{"self":[{"href":"https:\/\/www.muca.eu\/en\/wp-json\/wp\/v2\/posts\/1192","targetHints":{"allow":["GET"]}}],"collection":[{"href":"https:\/\/www.muca.eu\/en\/wp-json\/wp\/v2\/posts"}],"about":[{"href":"https:\/\/www.muca.eu\/en\/wp-json\/wp\/v2\/types\/post"}],"author":[{"embeddable":true,"href":"https:\/\/www.muca.eu\/en\/wp-json\/wp\/v2\/users\/1"}],"replies":[{"embeddable":true,"href":"https:\/\/www.muca.eu\/en\/wp-json\/wp\/v2\/comments?post=1192"}],"version-history":[{"count":5,"href":"https:\/\/www.muca.eu\/en\/wp-json\/wp\/v2\/posts\/1192\/revisions"}],"predecessor-version":[{"id":1788,"href":"https:\/\/www.muca.eu\/en\/wp-json\/wp\/v2\/posts\/1192\/revisions\/1788"}],"wp:featuredmedia":[{"embeddable":true,"href":"https:\/\/www.muca.eu\/en\/wp-json\/wp\/v2\/media\/1628"}],"wp:attachment":[{"href":"https:\/\/www.muca.eu\/en\/wp-json\/wp\/v2\/media?parent=1192"}],"wp:term":[{"taxonomy":"category","embeddable":true,"href":"https:\/\/www.muca.eu\/en\/wp-json\/wp\/v2\/categories?post=1192"},{"taxonomy":"post_tag","embeddable":true,"href":"https:\/\/www.muca.eu\/en\/wp-json\/wp\/v2\/tags?post=1192"}],"curies":[{"name":"wp","href":"https:\/\/api.w.org\/{rel}","templated":true}]}}